{"id":9473,"date":"2019-12-03T09:11:24","date_gmt":"2019-12-03T15:11:24","guid":{"rendered":"https:\/\/www.robertabudasalon.com\/tendencias-de-cabello-y-maquillaje-de-la-boda\/"},"modified":"2020-05-27T10:26:42","modified_gmt":"2020-05-27T15:26:42","slug":"peinado-y-maquillaje-merida","status":"publish","type":"post","link":"https:\/\/robertabudasalon.com\/es\/peinado-y-maquillaje-merida\/","title":{"rendered":"Pei\u00f1ados y Maquillaje Merida de la boda"},"content":{"rendered":"\n<p>Pei\u00f1ados y Maquillaje Merida &#8211; Las bodas siempre han sido muy grandes en M\u00e9rida, pero recientemente con &#8220;la Ciudad Blanca&#8221; encabezando casi todas las principales listas de escritores de viajes, las bodas de destino en M\u00e9rida, Yucat\u00e1n se han vuelto muy populares. Los hu\u00e9spedes llegan de todo el mundo reunidos en M\u00e9rida para estos asuntos elegantes y extravagantes. Despu\u00e9s de haber estado en m\u00e1s de una de estas m\u00e1s de 500 bodas de invitados, puedo decir con precisi\u00f3n que una boda yucat\u00e9cea ser\u00e1 una de las mejores \/ m\u00e1s largas fiestas a las que asistir\u00e1. Muchas de estas bodas tienen lugar en haciendas en M\u00e9rida y la pen\u00ednsula de Yucat\u00e1n circundante. Novias y novios que se casan de todas partes del mundo eligiendo M\u00e9rida como su lugar para comenzar su nueva vida como pareja casada.<\/p>\n\n\n\n<p>Echemos un vistazo a algunos maquillaje actual y tendencias para novias, fiestas de novia, e invitados para esta temporada de bodas.<\/p>\n\n\n\n<h4 class=\"wp-block-heading\"><strong>LABIO AUDAZ<\/strong><\/h4>\n\n\n\n<p>Mientras que un labio audaz siempre ha estado de moda, estamos viendo m\u00e1s novias que solicitan este labio del d\u00eda de la boda. Cuando se combina con maquillaje natural y luminoso, crea un aspecto moderno y dram\u00e1tico.<\/p>\n\n\n\n<figure class=\"wp-block-gallery columns-3 is-cropped wp-block-gallery-1 is-layout-flex wp-block-gallery-is-layout-flex\"><ul class=\"blocks-gallery-grid\"><li class=\"blocks-gallery-item\"><figure><img loading=\"lazy\" decoding=\"async\" width=\"300\" height=\"484\" src=\"https:\/\/robertabudasalon.com\/wp-content\/uploads\/2019\/12\/Bold-Lip-Merida-Maquillaje.jpg\" alt=\"\" data-id=\"9417\" data-link=\"https:\/\/robertabudasalon.com\/9413\/bold-lip-merida-maquillaje\/\" class=\"wp-image-9417\" srcset=\"https:\/\/robertabudasalon.com\/wp-content\/uploads\/2019\/12\/Bold-Lip-Merida-Maquillaje.jpg 300w, https:\/\/robertabudasalon.com\/wp-content\/uploads\/2019\/12\/Bold-Lip-Merida-Maquillaje.jpg 186w\" sizes=\"auto, (max-width: 300px) 100vw, 300px\" \/><figcaption class=\"blocks-gallery-item__caption\">Cabello &#8211; ANGIE<br\/>Maquillaje &#8211; ANNIE<\/figcaption><\/figure><\/li><li class=\"blocks-gallery-item\"><figure><img loading=\"lazy\" decoding=\"async\" width=\"300\" height=\"631\" src=\"https:\/\/robertabudasalon.com\/wp-content\/uploads\/2019\/12\/peinado-merida-robert-abuda-salon.jpg\" alt=\"\" data-id=\"9419\" data-link=\"https:\/\/robertabudasalon.com\/9413\/peinado-merida-robert-abuda-salon\/\" class=\"wp-image-9419\" srcset=\"https:\/\/robertabudasalon.com\/wp-content\/uploads\/2019\/12\/peinado-merida-robert-abuda-salon.jpg 300w, https:\/\/robertabudasalon.com\/wp-content\/uploads\/2019\/12\/peinado-merida-robert-abuda-salon.jpg 143w\" sizes=\"auto, (max-width: 300px) 100vw, 300px\" \/><figcaption class=\"blocks-gallery-item__caption\"> Cabello &#8211; ANGIE <\/figcaption><\/figure><\/li><li class=\"blocks-gallery-item\"><figure><img loading=\"lazy\" decoding=\"async\" width=\"300\" height=\"534\" src=\"https:\/\/robertabudasalon.com\/wp-content\/uploads\/2019\/12\/peindado-merida-mexico-robert-abuda-salon-boda.jpg\" alt=\"\" data-id=\"9421\" data-link=\"https:\/\/robertabudasalon.com\/9413\/peindado-merida-mexico-robert-abuda-salon-boda\/\" class=\"wp-image-9421\" srcset=\"https:\/\/robertabudasalon.com\/wp-content\/uploads\/2019\/12\/peindado-merida-mexico-robert-abuda-salon-boda.jpg 300w, https:\/\/robertabudasalon.com\/wp-content\/uploads\/2019\/12\/peindado-merida-mexico-robert-abuda-salon-boda.jpg 169w\" sizes=\"auto, (max-width: 300px) 100vw, 300px\" \/><figcaption class=\"blocks-gallery-item__caption\"> Cabello &#8211; ANGIE <\/figcaption><\/figure><\/li><\/ul><figcaption class=\"blocks-gallery-caption\">Pei\u00f1ados y Maquillaje Merida<\/figcaption><\/figure>\n\n\n\n<p>Por supuesto, no podemos hablar del look au naturel makeup wedding sin mencionar a Megan Markle. Mientras que Megan Markle no me\u00f3 un labio audaz para su boda con el Pr\u00edncipe Harry, sin duda ten\u00eda un aspecto luminoso y natural para su maquillaje. Si usted siente que un labio audaz, brillante, puede no ser totalmente apropiado para su ceremonia de boda, puede elegir un tono m\u00e1s sutil primero para la ceremonia, y luego animar su aspecto de recepci\u00f3n con su labio audaz declaraci\u00f3n.<\/p>\n\n\n\n<figure class=\"wp-block-gallery columns-3 is-cropped wp-block-gallery-2 is-layout-flex wp-block-gallery-is-layout-flex\"><ul class=\"blocks-gallery-grid\"><li class=\"blocks-gallery-item\"><figure><img loading=\"lazy\" decoding=\"async\" width=\"309\" height=\"378\" src=\"https:\/\/robertabudasalon.com\/wp-content\/uploads\/2019\/12\/merida-maquillaje-y-peinado-robert-abuda-salon.jpg\" alt=\"\" data-id=\"9429\" data-link=\"https:\/\/robertabudasalon.com\/9413\/merida-maquillaje-y-peinado-robert-abuda-salon\/\" class=\"wp-image-9429\" srcset=\"https:\/\/robertabudasalon.com\/wp-content\/uploads\/2019\/12\/merida-maquillaje-y-peinado-robert-abuda-salon.jpg 309w, https:\/\/robertabudasalon.com\/wp-content\/uploads\/2019\/12\/merida-maquillaje-y-peinado-robert-abuda-salon.jpg 245w\" sizes=\"auto, (max-width: 309px) 100vw, 309px\" \/><\/figure><\/li><li class=\"blocks-gallery-item\"><figure><img loading=\"lazy\" decoding=\"async\" width=\"350\" height=\"378\" src=\"https:\/\/robertabudasalon.com\/wp-content\/uploads\/2019\/12\/maquillaje-merida-2019-boda-y-novia.jpg\" alt=\"\" data-id=\"9427\" data-link=\"https:\/\/robertabudasalon.com\/9413\/maquillaje-merida-2019-boda-y-novia\/\" class=\"wp-image-9427\" srcset=\"https:\/\/robertabudasalon.com\/wp-content\/uploads\/2019\/12\/maquillaje-merida-2019-boda-y-novia.jpg 350w, https:\/\/robertabudasalon.com\/wp-content\/uploads\/2019\/12\/maquillaje-merida-2019-boda-y-novia.jpg 278w\" sizes=\"auto, (max-width: 350px) 100vw, 350px\" \/><\/figure><\/li><li class=\"blocks-gallery-item\"><figure><img loading=\"lazy\" decoding=\"async\" width=\"328\" height=\"378\" src=\"https:\/\/robertabudasalon.com\/wp-content\/uploads\/2019\/12\/maquillaje-merida-2019-boda-y-novia-2-1.jpg\" alt=\"\" data-id=\"9458\" data-link=\"https:\/\/robertabudasalon.com\/9413\/maquillaje-merida-2019-boda-y-novia-2-1\/\" class=\"wp-image-9458\" srcset=\"https:\/\/robertabudasalon.com\/wp-content\/uploads\/2019\/12\/maquillaje-merida-2019-boda-y-novia-2-1.jpg 328w, https:\/\/robertabudasalon.com\/wp-content\/uploads\/2019\/12\/maquillaje-merida-2019-boda-y-novia-2-1.jpg 260w\" sizes=\"auto, (max-width: 328px) 100vw, 328px\" \/><\/figure><\/li><li class=\"blocks-gallery-item\"><figure><img loading=\"lazy\" decoding=\"async\" width=\"336\" height=\"378\" src=\"https:\/\/robertabudasalon.com\/wp-content\/uploads\/2019\/12\/merida-mexico-maquillaje-y-peinado-3-3.jpg\" alt=\"\" data-id=\"9460\" data-link=\"https:\/\/robertabudasalon.com\/9413\/merida-mexico-maquillaje-y-peinado-3-3\/\" class=\"wp-image-9460\" srcset=\"https:\/\/robertabudasalon.com\/wp-content\/uploads\/2019\/12\/merida-mexico-maquillaje-y-peinado-3-3.jpg 336w, https:\/\/robertabudasalon.com\/wp-content\/uploads\/2019\/12\/merida-mexico-maquillaje-y-peinado-3-3.jpg 267w\" sizes=\"auto, (max-width: 336px) 100vw, 336px\" \/><figcaption class=\"blocks-gallery-item__caption\">Hair ANGIE, Maquillaje ANNIE &#8211; robert abuda salon<\/figcaption><\/figure><\/li><\/ul><figcaption class=\"blocks-gallery-caption\">Pei\u00f1ados y Maquillaje Merida<\/figcaption><\/figure>\n\n\n\n<h4 class=\"wp-block-heading\">PIEL LUMINOSA, AU NATUREL con CABELLO o VESTIDO DE DECLARACIONES<\/h4>\n\n\n\n<p><a rel=\"noreferrer noopener\" href=\"https:\/\/www.goodhousekeeping.com\/uk\/fashion-beauty\/make-up-advice\/g27069913\/meghan-markle-royal-wedding-makeup-artist-daniel-martin-beauty-tricks\/\" target=\"_blank\">Daniel Martin,<\/a> maquillador de Megan, ha revelado c\u00f3mo cre\u00f3 su tan codiciado resplandor. Hablando sobre el\u00a0<em>Lorraine<\/em>\u00a0 show, dijo: &#8220;Lo que hice particularmente fue mezclar un poco del luminizador con la base para que integrara el brillo&#8221;.<\/p>\n\n\n\n<p>&#8220;El maquillaje natural es definitivamente una nueva tendencia a seguir para el pr\u00f3ximo a\u00f1o y por natural me refiero a una hermosa piel luminosa con una hermosa ceja y tal vez un suave lavado de brillo o marr\u00f3n en los ojos. Sin rimel y centr\u00e1ndose m\u00e1s en un peinado o un vestido&#8221;,&nbsp;dice Kristin Brett, una exitosa maquilladora editorial que tambi\u00e9n dirige&nbsp;<a href=\"https:\/\/www.wedshed.com.au\/vendor\/bride-to-be-makeup-sydney\/\" target=\"_blank\" rel=\"noreferrer noopener\">Novias por Kristin Brett<\/a><\/p>\n\n\n\n<figure class=\"wp-block-gallery columns-2 is-cropped wp-block-gallery-3 is-layout-flex wp-block-gallery-is-layout-flex\"><ul class=\"blocks-gallery-grid\"><li class=\"blocks-gallery-item\"><figure><img loading=\"lazy\" decoding=\"async\" width=\"370\" height=\"817\" src=\"https:\/\/robertabudasalon.com\/wp-content\/uploads\/2019\/12\/Merida-MX-boho-braid-robert-abuda-salon.jpg\" alt=\"\" data-id=\"9444\" data-link=\"https:\/\/robertabudasalon.com\/9413\/merida-mx-boho-braid-robert-abuda-salon\/\" class=\"wp-image-9444\" srcset=\"https:\/\/robertabudasalon.com\/wp-content\/uploads\/2019\/12\/Merida-MX-boho-braid-robert-abuda-salon.jpg 370w, https:\/\/robertabudasalon.com\/wp-content\/uploads\/2019\/12\/Merida-MX-boho-braid-robert-abuda-salon.jpg 136w\" sizes=\"auto, (max-width: 370px) 100vw, 370px\" \/><\/figure><\/li><li class=\"blocks-gallery-item\"><figure><img loading=\"lazy\" decoding=\"async\" width=\"400\" height=\"749\" src=\"https:\/\/robertabudasalon.com\/wp-content\/uploads\/2019\/12\/Merida-boho-braid-robert-abuda-salon.jpg\" alt=\"\" data-id=\"9442\" data-link=\"https:\/\/robertabudasalon.com\/9413\/merida-boho-braid-robert-abuda-salon\/\" class=\"wp-image-9442\" srcset=\"https:\/\/robertabudasalon.com\/wp-content\/uploads\/2019\/12\/Merida-boho-braid-robert-abuda-salon.jpg 400w, https:\/\/robertabudasalon.com\/wp-content\/uploads\/2019\/12\/Merida-boho-braid-robert-abuda-salon.jpg 160w\" sizes=\"auto, (max-width: 400px) 100vw, 400px\" \/><\/figure><\/li><\/ul><\/figure>\n\n\n\n<p>Otra tendencia que ha notado novias gravitan hacia es&#8221;mejillas rosadas frescas naturales, rosadas&#8221; para crear un &#8220;brillo fresco&#8221;.\u00a0 &#8220;Piensa en la cara fresca, el maquillaje limpio y las mejillas rosadas frescas de color rosa natural. Pero no demasiado iluminador brillante&#8230; mejorar sus caracter\u00edsticas, pero todav\u00eda se ve natural.&#8221;<\/p>\n\n\n\n<div class=\"wp-block-group\"><div class=\"wp-block-group__inner-container is-layout-flow wp-block-group-is-layout-flow\">\n<div class=\"wp-block-image\"><figure class=\"aligncenter\"><img loading=\"lazy\" decoding=\"async\" width=\"405\" height=\"500\" src=\"https:\/\/robertabudasalon.com\/wp-content\/uploads\/2019\/12\/hair-and-beauty-salon-in-merida-mexico.jpg\" alt=\"Pei\u00f1ados y Maquillaje Merida\" class=\"wp-image-9435\" srcset=\"https:\/\/robertabudasalon.com\/wp-content\/uploads\/2019\/12\/hair-and-beauty-salon-in-merida-mexico.jpg 405w, https:\/\/robertabudasalon.com\/wp-content\/uploads\/2019\/12\/hair-and-beauty-salon-in-merida-mexico.jpg 243w\" sizes=\"auto, (max-width: 405px) 100vw, 405px\" \/><figcaption>Natural Hair &amp; Makeup de Laura<\/figcaption><\/figure><\/div>\n<\/div><\/div>\n\n\n\n<div class=\"wp-block-image\"><figure class=\"aligncenter\"><img loading=\"lazy\" decoding=\"async\" width=\"419\" height=\"500\" src=\"https:\/\/robertabudasalon.com\/wp-content\/uploads\/2019\/12\/ANGIE-HAIR-MAKEUP-LAURA.jpg\" alt=\"Pei\u00f1ados y Maquillaje Merida\" class=\"wp-image-9433\" srcset=\"https:\/\/robertabudasalon.com\/wp-content\/uploads\/2019\/12\/ANGIE-HAIR-MAKEUP-LAURA.jpg 419w, https:\/\/robertabudasalon.com\/wp-content\/uploads\/2019\/12\/ANGIE-HAIR-MAKEUP-LAURA.jpg 251w\" sizes=\"auto, (max-width: 419px) 100vw, 419px\" \/><figcaption>Natural Hair &amp; Makeup de Laura<\/figcaption><\/figure><\/div>\n\n\n\n<h4 class=\"wp-block-heading\"><strong>BRUSHED-THROUGH BROWS<\/strong><\/h4>\n\n\n\n<p>\u00bfAlguna vez has mirado hacia atr\u00e1s en las fotos y te has preguntado. Por qu\u00e9 en la tierra pensaste que era una buena idea sobre-arrancarte las cejas? Culpable. Fue una mirada bastante aterradora. Afortunadamente, las cejas llenas y cepilladas son la nueva tendencia de maquillaje de la boda.<\/p>\n\n\n\n<p>&#8220;Las buenas cejas son tan importantes. Enmarcan tu cara, acent\u00faan tus ojos y muestran emoci\u00f3n. Las cejas llenas y cepilladas son halagadoras, sofisticadas y de aspecto m\u00e1s juvenil en todos&#8221;, dice Karina.<\/p>\n\n\n\n<p>&#8220;Las cejas naturales con s\u00f3lo un golpe de gel de ceja sin te\u00f1ida para acicalar. Dar volumen es una tendencia de maquillaje nupcial muy popular en este momento&#8221;, dice Niki.<\/p>\n\n\n\n<figure class=\"wp-block-image size-full\"><img loading=\"lazy\" decoding=\"async\" width=\"465\" height=\"700\" src=\"https:\/\/robertabudasalon.com\/wp-content\/uploads\/2019\/12\/Hair-and-Makeup-Merida-Mexico-Robert-Abuda-Salon.jpg\" alt=\"Pei\u00f1ados y Maquillaje Merida\" class=\"wp-image-9440\" srcset=\"https:\/\/robertabudasalon.com\/wp-content\/uploads\/2019\/12\/Hair-and-Makeup-Merida-Mexico-Robert-Abuda-Salon.jpg 465w, https:\/\/robertabudasalon.com\/wp-content\/uploads\/2019\/12\/Hair-and-Makeup-Merida-Mexico-Robert-Abuda-Salon.jpg 199w\" sizes=\"auto, (max-width: 465px) 100vw, 465px\" \/><figcaption>Cabello y maquillaje Robert Abuda Salon<\/figcaption><\/figure>\n\n\n\n<p class=\"has-text-align-center\"><a href=\"http:\/\/www.robertabudasalon.com\/es\/shop\/\">COMPRA PRODUCTOS DE BELLEZA MEXICO EN LINEA<\/a><\/p>\n","protected":false},"excerpt":{"rendered":"<p>Pei\u00f1ados y Maquillaje Merida<\/p>\n","protected":false},"author":1,"featured_media":9471,"comment_status":"open","ping_status":"open","sticky":false,"template":"","format":"standard","meta":{"nf_dc_page":"","jetpack_post_was_ever_published":false,"_jetpack_newsletter_access":"","_jetpack_dont_email_post_to_subs":false,"_jetpack_newsletter_tier_id":0,"_jetpack_memberships_contains_paywalled_content":false,"_jetpack_memberships_contains_paid_content":false,"footnotes":"","jetpack_publicize_message":"","jetpack_publicize_feature_enabled":true,"jetpack_social_post_already_shared":false,"jetpack_social_options":{"image_generator_settings":{"template":"highway","default_image_id":0,"font":"","enabled":false},"version":2}},"categories":[78],"tags":[83,86,80,84,85,81,79,82,63],"yst_prominent_words":[2515,2510,2520,2521,2513,2518,2514,2509,2516,2522,1423,2512,2508,2528,2527,2519,2511,512,2517,2529],"class_list":["post-9473","post","type-post","status-publish","format-standard","has-post-thumbnail","hentry","category-blog-es","tag-boda-merida-es","tag-boda-merida-es-2","tag-cabello-merida","tag-destino-boda-merida","tag-destino-boda-yucatan","tag-maquillaje-merida-es-2","tag-maquillaje-merida-es","tag-peinado-merida-es","tag-peluqueria-merida","entry"],"jetpack_publicize_connections":[],"jetpack_featured_media_url":"https:\/\/robertabudasalon.com\/wp-content\/uploads\/2019\/12\/hair-beauty-salon-merida-1.jpg","yoast_head":"<!-- This site is optimized with the Yoast SEO Premium plugin v14.4.1 - https:\/\/yoast.com\/wordpress\/plugins\/seo\/ -->\n<title>Pei\u00f1ados y Maquillaje Merida de la boda | Robert Abuda Merida Hair Salon<\/title>\n<meta name=\"description\" content=\"Pei\u00f1ados y Maquillaje Merida de la boda | Robert Abuda Merida Hair Salon Pei\u00f1ado y Maquillaje M\u00e9rida, Bodas y Novias, Paseo de Montejo y Calle 39\" \/>\n<meta name=\"robots\" content=\"index, follow\" \/>\n<meta name=\"googlebot\" content=\"index, follow, max-snippet:-1, max-image-preview:large, max-video-preview:-1\" \/>\n<meta name=\"bingbot\" content=\"index, follow, max-snippet:-1, max-image-preview:large, max-video-preview:-1\" \/>\n<link rel=\"canonical\" href=\"https:\/\/www.robertabudasalon.com\/es\/peinado-y-maquillaje-merida\/\" \/>\n<meta property=\"og:locale\" content=\"es_ES\" \/>\n<meta property=\"og:type\" content=\"article\" \/>\n<meta property=\"og:title\" content=\"Pei\u00f1ados y Maquillaje Merida de la boda | Robert Abuda Merida Hair Salon\" \/>\n<meta property=\"og:description\" content=\"Pei\u00f1ados y Maquillaje Merida de la boda | Robert Abuda Merida Hair Salon Pei\u00f1ado y Maquillaje M\u00e9rida, Bodas y Novias, Paseo de Montejo y Calle 39\" \/>\n<meta property=\"og:url\" content=\"https:\/\/www.robertabudasalon.com\/es\/peinado-y-maquillaje-merida\/\" \/>\n<meta property=\"og:site_name\" content=\"Robert Abuda Merida Hair Salon\" \/>\n<meta property=\"article:publisher\" content=\"https:\/\/www.facebook.com\/RobertAbudaSalondeBellezaMerida\" \/>\n<meta property=\"article:author\" content=\"https:\/\/www.facebook.com\/RobertAbudaSalondeBellezaMerida\" \/>\n<meta property=\"article:published_time\" content=\"2019-12-03T15:11:24+00:00\" \/>\n<meta property=\"article:modified_time\" content=\"2020-05-27T15:26:42+00:00\" \/>\n<meta property=\"og:image\" content=\"https:\/\/robertabudasalon.com\/wp-content\/uploads\/2019\/12\/hair-beauty-salon-merida-1.jpg\" \/>\n\t<meta property=\"og:image:width\" content=\"800\" \/>\n\t<meta property=\"og:image:height\" content=\"400\" \/>\n<meta property=\"fb:app_id\" content=\"https:\/\/www.facebook.com\/RobertAbudaSalondeBellezaMerida\" \/>\n<meta name=\"twitter:card\" content=\"summary\" \/>\n<meta name=\"twitter:creator\" content=\"@RobAbudaSalon\" \/>\n<meta name=\"twitter:site\" content=\"@RobAbudaSalon\" \/>\n<script type=\"application\/ld+json\" class=\"yoast-schema-graph\">{\"@context\":\"https:\/\/schema.org\",\"@graph\":[{\"@type\":\"WebSite\",\"@id\":\"https:\/\/robertabudasalon.com\/es\/#website\",\"url\":\"https:\/\/robertabudasalon.com\/es\/\",\"name\":\"Robert Abuda Merida Hair Salon\",\"description\":\"Hair Salon Merida, Salon de Belleza Merida +52 999 926 3015, #470C Paseo de Montejo, Peluqueria y SPA.\",\"potentialAction\":[{\"@type\":\"SearchAction\",\"target\":\"https:\/\/robertabudasalon.com\/es\/?s={search_term_string}\",\"query-input\":\"required name=search_term_string\"}],\"inLanguage\":\"es-ES\"},{\"@type\":\"ImageObject\",\"@id\":\"https:\/\/www.robertabudasalon.com\/es\/peinado-y-maquillaje-merida\/#primaryimage\",\"inLanguage\":\"es-ES\",\"url\":\"https:\/\/robertabudasalon.com\/wp-content\/uploads\/2019\/12\/hair-beauty-salon-merida-1.jpg\",\"width\":800,\"height\":400,\"caption\":\"Hair ANGIE, Makeup ANNIE\"},{\"@type\":\"WebPage\",\"@id\":\"https:\/\/www.robertabudasalon.com\/es\/peinado-y-maquillaje-merida\/#webpage\",\"url\":\"https:\/\/www.robertabudasalon.com\/es\/peinado-y-maquillaje-merida\/\",\"name\":\"Pei\\u00f1ados y Maquillaje Merida de la boda | Robert Abuda Merida Hair Salon\",\"isPartOf\":{\"@id\":\"https:\/\/robertabudasalon.com\/es\/#website\"},\"primaryImageOfPage\":{\"@id\":\"https:\/\/www.robertabudasalon.com\/es\/peinado-y-maquillaje-merida\/#primaryimage\"},\"datePublished\":\"2019-12-03T15:11:24+00:00\",\"dateModified\":\"2020-05-27T15:26:42+00:00\",\"author\":{\"@id\":\"https:\/\/robertabudasalon.com\/es\/#\/schema\/person\/7ee1cd9230d91de93174e9280fabe461\"},\"description\":\"Pei\\u00f1ados y Maquillaje Merida de la boda | Robert Abuda Merida Hair Salon Pei\\u00f1ado y Maquillaje M\\u00e9rida, Bodas y Novias, Paseo de Montejo y Calle 39\",\"inLanguage\":\"es-ES\",\"potentialAction\":[{\"@type\":\"ReadAction\",\"target\":[\"https:\/\/www.robertabudasalon.com\/es\/peinado-y-maquillaje-merida\/\"]}]},{\"@type\":[\"Person\"],\"@id\":\"https:\/\/robertabudasalon.com\/es\/#\/schema\/person\/7ee1cd9230d91de93174e9280fabe461\",\"name\":\"Robertabuda\",\"image\":{\"@type\":\"ImageObject\",\"@id\":\"https:\/\/robertabudasalon.com\/es\/#personlogo\",\"inLanguage\":\"es-ES\",\"url\":\"https:\/\/secure.gravatar.com\/avatar\/6f05adb82963af87e32283b51ed344d225629d769331e4fda39ff8bdf85fac82?s=96&d=mm&r=g\",\"caption\":\"Robertabuda\"},\"description\":\"Hair Salon Merida Owner | Robert Abuda Salon de Belleza Merida\",\"sameAs\":[\"https:\/\/www.facebook.com\/RobertAbudaSalondeBellezaMerida\",\"https:\/\/www.instagram.com\/robertabudasalon\/\",\"https:\/\/www.pinterest.com.mx\/robertabuda\/\",\"https:\/\/twitter.com\/RobAbudaSalon\",\"http:\/\/www.youtube.com\/user\/RobertAbudaSalon\",\"https:\/\/www.robertabudasalon.tubmlr.com\"]}]}<\/script>\n<!-- \/ Yoast SEO Premium plugin. -->","jetpack_sharing_enabled":true,"jetpack_shortlink":"https:\/\/wp.me\/p6c51u-2sN","amp_enabled":true,"_links":{"self":[{"href":"https:\/\/robertabudasalon.com\/es\/wp-json\/wp\/v2\/posts\/9473","targetHints":{"allow":["GET"]}}],"collection":[{"href":"https:\/\/robertabudasalon.com\/es\/wp-json\/wp\/v2\/posts"}],"about":[{"href":"https:\/\/robertabudasalon.com\/es\/wp-json\/wp\/v2\/types\/post"}],"author":[{"embeddable":true,"href":"https:\/\/robertabudasalon.com\/es\/wp-json\/wp\/v2\/users\/1"}],"replies":[{"embeddable":true,"href":"https:\/\/robertabudasalon.com\/es\/wp-json\/wp\/v2\/comments?post=9473"}],"version-history":[{"count":2,"href":"https:\/\/robertabudasalon.com\/es\/wp-json\/wp\/v2\/posts\/9473\/revisions"}],"predecessor-version":[{"id":10814,"href":"https:\/\/robertabudasalon.com\/es\/wp-json\/wp\/v2\/posts\/9473\/revisions\/10814"}],"wp:featuredmedia":[{"embeddable":true,"href":"https:\/\/robertabudasalon.com\/es\/wp-json\/wp\/v2\/media\/9471"}],"wp:attachment":[{"href":"https:\/\/robertabudasalon.com\/es\/wp-json\/wp\/v2\/media?parent=9473"}],"wp:term":[{"taxonomy":"category","embeddable":true,"href":"https:\/\/robertabudasalon.com\/es\/wp-json\/wp\/v2\/categories?post=9473"},{"taxonomy":"post_tag","embeddable":true,"href":"https:\/\/robertabudasalon.com\/es\/wp-json\/wp\/v2\/tags?post=9473"},{"taxonomy":"yst_prominent_words","embeddable":true,"href":"https:\/\/robertabudasalon.com\/es\/wp-json\/wp\/v2\/yst_prominent_words?post=9473"}],"curies":[{"name":"wp","href":"https:\/\/api.w.org\/{rel}","templated":true}]}}