{"id":9400,"date":"2019-11-24T22:05:44","date_gmt":"2019-11-25T04:05:44","guid":{"rendered":"https:\/\/www.robertabudasalon.com\/tienes-esto-en-rosa\/"},"modified":"2020-05-31T12:20:27","modified_gmt":"2020-05-31T17:20:27","slug":"peluqueria-olaplex-merida","status":"publish","type":"post","link":"https:\/\/robertabudasalon.com\/es\/peluqueria-olaplex-merida\/","title":{"rendered":"\u00bfTienes esto en Rosa?"},"content":{"rendered":"\n<h4 class=\"wp-block-heading\">Peluquer\u00eda Olaplex Merida<\/h4>\n\n\n\n<p>Cuando Marielle se gradu\u00f3 de Architecture College este a\u00f1o, quer\u00eda un nuevo look divertido. Despu\u00e9s de a\u00f1os de trabajo duro, sinti\u00f3 que este nuevo cap\u00edtulo en su vida traer\u00eda nuevas oportunidades, nuevos desaf\u00edos y nuevas aventuras. Adem\u00e1s, su cabello necesitaba reflejar este nuevo cap\u00edtulo en su vida.<\/p>\n\n\n\n<p class=\"has-text-align-center\"><a href=\"https:\/\/robertabudasalon.com\/product-category\/olaplex\/\">COMPRAR PRODUCTOS OLAPLEX MEXICO<\/a><\/p>\n\n\n\n<p>La ni\u00f1a quer\u00eda cabello rosado, con una ra\u00edz de sombra p\u00farpura m\u00e1s oscura. Sin embargo,\nEl cabello rosado o cualquier color de cabello Fashion \/ Vivid requiere no solo expertos\naplicaci\u00f3n, pero tambi\u00e9n bastante mantenimiento. Colores vivos para el cabello,\nSi bien est\u00e1 de moda y llama la atenci\u00f3n, no son para el\ndebil de corazon.<\/p>\n\n\n\n<figure class=\"wp-block-image\"><img loading=\"lazy\" decoding=\"async\" width=\"605\" height=\"564\" src=\"https:\/\/robertabudasalon.com\/wp-content\/uploads\/2019\/09\/Hair-and-Beauty-Salon-de-Belleza-Olaplex-Merida-Wedding.jpg\" alt=\"Cabello Rosa Merida Mexico\" class=\"wp-image-9272\" srcset=\"https:\/\/robertabudasalon.com\/wp-content\/uploads\/2019\/09\/Hair-and-Beauty-Salon-de-Belleza-Olaplex-Merida-Wedding.jpg 605w, https:\/\/robertabudasalon.com\/wp-content\/uploads\/2019\/09\/Hair-and-Beauty-Salon-de-Belleza-Olaplex-Merida-Wedding.jpg 300w, https:\/\/robertabudasalon.com\/wp-content\/uploads\/2019\/09\/Hair-and-Beauty-Salon-de-Belleza-Olaplex-Merida-Wedding.jpg 600w\" sizes=\"auto, (max-width: 605px) 100vw, 605px\" \/><figcaption>Cabello ROSA Merida, de ROBERT ABUDA SALON<\/figcaption><\/figure>\n\n\n\n<p>Estos son algunos de los factores que Marielle tuvo que considerar antes de hacer el\ninmersi\u00f3n.<\/p>\n\n\n\n<ul class=\"wp-block-list\"><li>Los colores vivos del cabello requieren agua fr\u00eda al lavarse \/ ducharse. El agua tibia o caliente har\u00e1 que el color se desvanezca y se desvanezca prematuramente.<\/li><li>Si desea que su nuevo color de cabello dure, debe usar solo productos sin sulfato. Lo m\u00e1s importante es el champ\u00fa y acondicionador sin sulfato.<\/li><li>Sus fundas de almohadas y toallas, especialmente cuando su color es nuevo, tendr\u00e1n una transferencia de color de su cabello. (Trate de usar el mismo color de toallas y fundas de almohada que su color de cabello. El cabello rosado requerir\u00eda fundas de almohada y toallas de color rosa)<\/li><li>Si tiene lechada de color claro en su ba\u00f1o, existe una buena posibilidad de que se manche, especialmente con cabello vivo m\u00e1s intenso como el morado o el azul.<\/li><li>Su color de cabello vivo probablemente no durar\u00e1 m\u00e1s de 4 semanas, incluso con el mejor cuidado y atenci\u00f3n. Est\u00e9 preparado para retocar su cabello vivo con m\u00e1s frecuencia que un color de cabello est\u00e1ndar.<\/li><\/ul>\n\n\n\n<h4 class=\"wp-block-heading\">El Proceso<\/h4>\n\n\n\n<p>Como Marielle es amiga de Robert Abuda Salon, todo el equipo (ANGIE, ANNIE, LAURA y MARIFER) salt\u00f3 al desaf\u00edo. Fue nuestro regalo de graduaci\u00f3n para ella. Despu\u00e9s de aclararle el cabello, nuestro equipo aplic\u00f3 el violeta PRAVANA&#8217;S VIVID LOCKED-IN en la ra\u00edz, y luego PRAVANA&#8217;S VIVID LOCKED-IN Pink en los ejes y extremos medios. El revelador no se usa en ning\u00fan color VIVO, pero agregamos OLAPLEX a ambos colores para evitar da\u00f1os en el cabello y para fortalecer el color en el cabello para que obtengamos el color de cabello m\u00e1s duradero posible.<\/p>\n\n\n\n<p>Despu\u00e9s del procesamiento, aplicamos OLAPLEX No. 2 durante 10 minutos, secamos y peinamos. A continuaci\u00f3n se muestra el resultado.<\/p>\n\n\n\n<figure class=\"wp-block-image\"><img loading=\"lazy\" decoding=\"async\" width=\"500\" height=\"726\" src=\"https:\/\/robertabudasalon.com\/wp-content\/uploads\/2019\/09\/2019-Hair-Salon-Merida.jpg\" alt=\"Fotos Merida\" class=\"wp-image-9274\" srcset=\"https:\/\/robertabudasalon.com\/wp-content\/uploads\/2019\/09\/2019-Hair-Salon-Merida.jpg 500w, https:\/\/robertabudasalon.com\/wp-content\/uploads\/2019\/09\/2019-Hair-Salon-Merida.jpg 207w\" sizes=\"auto, (max-width: 500px) 100vw, 500px\" \/><figcaption>Foto Peluquer\u00eda Olaplex Merida, 2019, MARIELLE<\/figcaption><\/figure>\n\n\n\n<p>Como dijimos antes, es probable que no pueda esperar m\u00e1s de 4 semanas para que su color VIVID dure antes de que necesite una nueva aplicaci\u00f3n. Fiel a su forma, despu\u00e9s de 4 semanas, Marielle entr\u00f3 para volver a tocar nuestro sal\u00f3n de belleza Olaplex en M\u00e9rida. Aqu\u00ed el equipo tambi\u00e9n agreg\u00f3 rodajas de coral en rosa para contraste y dimensi\u00f3n. El resultado es asombroso.<\/p>\n\n\n\n<figure class=\"wp-block-gallery columns-1 is-cropped wp-block-gallery-1 is-layout-flex wp-block-gallery-is-layout-flex\"><ul class=\"blocks-gallery-grid\"><li class=\"blocks-gallery-item\"><figure><img loading=\"lazy\" decoding=\"async\" width=\"605\" height=\"564\" src=\"https:\/\/robertabudasalon.com\/wp-content\/uploads\/2019\/11\/NEW-Hair-and-Beauty-Salon-de-Belleza-Olaplex-Merida-Mexico.jpg\" alt=\"\" data-id=\"9387\" data-link=\"https:\/\/robertabudasalon.com\/?attachment_id=9387\" class=\"wp-image-9387\" srcset=\"https:\/\/robertabudasalon.com\/wp-content\/uploads\/2019\/11\/NEW-Hair-and-Beauty-Salon-de-Belleza-Olaplex-Merida-Mexico.jpg 605w, https:\/\/robertabudasalon.com\/wp-content\/uploads\/2019\/11\/NEW-Hair-and-Beauty-Salon-de-Belleza-Olaplex-Merida-Mexico.jpg 300w, https:\/\/robertabudasalon.com\/wp-content\/uploads\/2019\/11\/NEW-Hair-and-Beauty-Salon-de-Belleza-Olaplex-Merida-Mexico.jpg 600w\" sizes=\"auto, (max-width: 605px) 100vw, 605px\" \/><figcaption class=\"blocks-gallery-item__caption\">Peluquer\u00eda Olaplex Merida<\/figcaption><\/figure><\/li><\/ul><\/figure>\n\n\n\n<figure class=\"wp-block-gallery columns-2 is-cropped wp-block-gallery-2 is-layout-flex wp-block-gallery-is-layout-flex\"><ul class=\"blocks-gallery-grid\"><li class=\"blocks-gallery-item\"><figure><img loading=\"lazy\" decoding=\"async\" width=\"378\" height=\"629\" src=\"https:\/\/robertabudasalon.com\/wp-content\/uploads\/2019\/11\/Hair-Pink-Merida-Salon-de-Belleza-LARGE.jpg\" alt=\"\" data-id=\"9389\" data-link=\"https:\/\/robertabudasalon.com\/?attachment_id=9389\" class=\"wp-image-9389\" srcset=\"https:\/\/robertabudasalon.com\/wp-content\/uploads\/2019\/11\/Hair-Pink-Merida-Salon-de-Belleza-LARGE.jpg 378w, https:\/\/robertabudasalon.com\/wp-content\/uploads\/2019\/11\/Hair-Pink-Merida-Salon-de-Belleza-LARGE.jpg 180w\" sizes=\"auto, (max-width: 378px) 100vw, 378px\" \/><figcaption class=\"blocks-gallery-item__caption\">Peluquer\u00eda Olaplex Merida, Cabello ROSA<\/figcaption><\/figure><\/li><li class=\"blocks-gallery-item\"><figure><img loading=\"lazy\" decoding=\"async\" width=\"350\" height=\"523\" src=\"https:\/\/robertabudasalon.com\/wp-content\/uploads\/2019\/11\/Merida-Pink-Hair-Salon-side-view.jpg\" alt=\"\" data-id=\"9391\" data-link=\"https:\/\/robertabudasalon.com\/?attachment_id=9391\" class=\"wp-image-9391\" srcset=\"https:\/\/robertabudasalon.com\/wp-content\/uploads\/2019\/11\/Merida-Pink-Hair-Salon-side-view.jpg 350w, https:\/\/robertabudasalon.com\/wp-content\/uploads\/2019\/11\/Merida-Pink-Hair-Salon-side-view.jpg 201w\" sizes=\"auto, (max-width: 350px) 100vw, 350px\" \/><figcaption class=\"blocks-gallery-item__caption\">Marielle, Merida Cabello, ROSA<\/figcaption><\/figure><\/li><\/ul><\/figure>\n\n\n\n<p>Para transformar tu cabello con cualquier color VIVO, visita www.robertabudasalon.com\/es\/ o ll\u00e1manos al 52 999 926 3015.<\/p>\n\n\n\n<p><a href=\"https:\/\/www.instagram.com\/robertabudasalon\/\">www.instagram.com\/robertabudasalon\/<\/a>\n<a href=\"https:\/\/www.facebook.com\/RobertAbudaSalondeBellezaMerida\/\">www.facebook.com\/RobertAbudaSalondeBellezaMerida\/<\/a><\/p>\n\n\n\n<p>Peluquer\u00eda Olaplex Merida<\/p>\n","protected":false},"excerpt":{"rendered":"<p>Peluquer\u00eda Olaplex Merida Cuando Marielle se gradu\u00f3 de Architecture College este a\u00f1o, quer\u00eda un nuevo look divertido. Despu\u00e9s de a\u00f1os de trabajo duro, sinti\u00f3 que este nuevo cap\u00edtulo en su vida traer\u00eda nuevas oportunidades, nuevos desaf\u00edos y nuevas aventuras. Adem\u00e1s, su cabello necesitaba reflejar este nuevo cap\u00edtulo en su vida. COMPRAR PRODUCTOS OLAPLEX MEXICO La [&hellip;]<\/p>\n","protected":false},"author":1,"featured_media":9395,"comment_status":"open","ping_status":"closed","sticky":false,"template":"","format":"standard","meta":{"nf_dc_page":"","jetpack_post_was_ever_published":false,"_jetpack_newsletter_access":"","_jetpack_dont_email_post_to_subs":false,"_jetpack_newsletter_tier_id":0,"_jetpack_memberships_contains_paywalled_content":false,"_jetpack_memberships_contains_paid_content":false,"footnotes":"","jetpack_publicize_message":"","jetpack_publicize_feature_enabled":true,"jetpack_social_post_already_shared":false,"jetpack_social_options":{"image_generator_settings":{"template":"highway","default_image_id":0,"font":"","enabled":false},"version":2}},"categories":[78],"tags":[68,66,65,67,63,69,64,70],"yst_prominent_words":[2438,2430,2427,2423,2434,1567,2431,313,2439,2436,2428,2425,2433,2437,2429,2426,1309,2435,2424,2432],"class_list":["post-9400","post","type-post","status-publish","format-standard","has-post-thumbnail","hentry","category-blog-es","tag-estilistas-de-stilistas-merida","tag-estilistas-merida-es","tag-olaplex-merida-es","tag-paseo-de-montejo-es","tag-peluqueria-merida","tag-peluqueria-mexico","tag-salon-de-belleza-merida-es","tag-salon-de-belleza-mexico","entry"],"jetpack_publicize_connections":[],"jetpack_featured_media_url":"https:\/\/robertabudasalon.com\/wp-content\/uploads\/2019\/11\/NEW-Hair-and-Beauty-Salon-de-Belleza-Merida-Mexico-blog.jpg","yoast_head":"<!-- This site is optimized with the Yoast SEO Premium plugin v14.4.1 - https:\/\/yoast.com\/wordpress\/plugins\/seo\/ -->\n<title>Peluquer\u00eda Olaplex Merida | Robert Abuda Merida Hair Salon de Belleza<\/title>\n<meta name=\"description\" content=\"Peluquer\u00eda Olaplex Merida, Robert Abuda Salon, 470C Paseo de Montejo y Calle 39 www.robertabudasalon.com\/es\/ TEL 999 926 3015\" \/>\n<meta name=\"robots\" content=\"index, follow\" \/>\n<meta name=\"googlebot\" content=\"index, follow, max-snippet:-1, max-image-preview:large, max-video-preview:-1\" \/>\n<meta name=\"bingbot\" content=\"index, follow, max-snippet:-1, max-image-preview:large, max-video-preview:-1\" \/>\n<link rel=\"canonical\" href=\"https:\/\/www.robertabudasalon.com\/es\/peluqueria-olaplex-merida\/\" \/>\n<meta property=\"og:locale\" content=\"es_ES\" \/>\n<meta property=\"og:type\" content=\"article\" \/>\n<meta property=\"og:title\" content=\"Peluquer\u00eda Olaplex Merida | Robert Abuda Merida Hair Salon de Belleza\" \/>\n<meta property=\"og:description\" content=\"Peluquer\u00eda Olaplex Merida, Robert Abuda Salon, 470C Paseo de Montejo y Calle 39 www.robertabudasalon.com\/es\/ TEL 999 926 3015\" \/>\n<meta property=\"og:url\" content=\"https:\/\/www.robertabudasalon.com\/es\/peluqueria-olaplex-merida\/\" \/>\n<meta property=\"og:site_name\" content=\"Robert Abuda Merida Hair Salon\" \/>\n<meta property=\"article:publisher\" content=\"https:\/\/www.facebook.com\/RobertAbudaSalondeBellezaMerida\" \/>\n<meta property=\"article:author\" content=\"https:\/\/www.facebook.com\/RobertAbudaSalondeBellezaMerida\" \/>\n<meta property=\"article:published_time\" content=\"2019-11-25T04:05:44+00:00\" \/>\n<meta property=\"article:modified_time\" content=\"2020-05-31T17:20:27+00:00\" \/>\n<meta property=\"og:image\" content=\"https:\/\/robertabudasalon.com\/wp-content\/uploads\/2019\/11\/NEW-Hair-and-Beauty-Salon-de-Belleza-Merida-Mexico-blog.jpg\" \/>\n\t<meta property=\"og:image:width\" content=\"488\" \/>\n\t<meta property=\"og:image:height\" content=\"440\" \/>\n<meta property=\"fb:app_id\" content=\"https:\/\/www.facebook.com\/RobertAbudaSalondeBellezaMerida\" \/>\n<meta name=\"twitter:card\" content=\"summary\" \/>\n<meta name=\"twitter:creator\" content=\"@RobAbudaSalon\" \/>\n<meta name=\"twitter:site\" content=\"@RobAbudaSalon\" \/>\n<script type=\"application\/ld+json\" class=\"yoast-schema-graph\">{\"@context\":\"https:\/\/schema.org\",\"@graph\":[{\"@type\":\"WebSite\",\"@id\":\"https:\/\/robertabudasalon.com\/es\/#website\",\"url\":\"https:\/\/robertabudasalon.com\/es\/\",\"name\":\"Robert Abuda Merida Hair Salon\",\"description\":\"Hair Salon Merida, Salon de Belleza Merida +52 999 926 3015, #470C Paseo de Montejo, Peluqueria y SPA.\",\"potentialAction\":[{\"@type\":\"SearchAction\",\"target\":\"https:\/\/robertabudasalon.com\/es\/?s={search_term_string}\",\"query-input\":\"required name=search_term_string\"}],\"inLanguage\":\"es-ES\"},{\"@type\":\"ImageObject\",\"@id\":\"https:\/\/www.robertabudasalon.com\/es\/peluqueria-olaplex-merida\/#primaryimage\",\"inLanguage\":\"es-ES\",\"url\":\"https:\/\/robertabudasalon.com\/wp-content\/uploads\/2019\/11\/NEW-Hair-and-Beauty-Salon-de-Belleza-Merida-Mexico-blog.jpg\",\"width\":488,\"height\":440,\"caption\":\"Salon Merida\"},{\"@type\":\"WebPage\",\"@id\":\"https:\/\/www.robertabudasalon.com\/es\/peluqueria-olaplex-merida\/#webpage\",\"url\":\"https:\/\/www.robertabudasalon.com\/es\/peluqueria-olaplex-merida\/\",\"name\":\"Peluquer\\u00eda Olaplex Merida | Robert Abuda Merida Hair Salon de Belleza\",\"isPartOf\":{\"@id\":\"https:\/\/robertabudasalon.com\/es\/#website\"},\"primaryImageOfPage\":{\"@id\":\"https:\/\/www.robertabudasalon.com\/es\/peluqueria-olaplex-merida\/#primaryimage\"},\"datePublished\":\"2019-11-25T04:05:44+00:00\",\"dateModified\":\"2020-05-31T17:20:27+00:00\",\"author\":{\"@id\":\"https:\/\/robertabudasalon.com\/es\/#\/schema\/person\/7ee1cd9230d91de93174e9280fabe461\"},\"description\":\"Peluquer\\u00eda Olaplex Merida, Robert Abuda Salon, 470C Paseo de Montejo y Calle 39 www.robertabudasalon.com\/es\/ TEL 999 926 3015\",\"inLanguage\":\"es-ES\",\"potentialAction\":[{\"@type\":\"ReadAction\",\"target\":[\"https:\/\/www.robertabudasalon.com\/es\/peluqueria-olaplex-merida\/\"]}]},{\"@type\":[\"Person\"],\"@id\":\"https:\/\/robertabudasalon.com\/es\/#\/schema\/person\/7ee1cd9230d91de93174e9280fabe461\",\"name\":\"Robertabuda\",\"image\":{\"@type\":\"ImageObject\",\"@id\":\"https:\/\/robertabudasalon.com\/es\/#personlogo\",\"inLanguage\":\"es-ES\",\"url\":\"https:\/\/secure.gravatar.com\/avatar\/6f05adb82963af87e32283b51ed344d225629d769331e4fda39ff8bdf85fac82?s=96&d=mm&r=g\",\"caption\":\"Robertabuda\"},\"description\":\"Hair Salon Merida Owner | Robert Abuda Salon de Belleza Merida\",\"sameAs\":[\"https:\/\/www.facebook.com\/RobertAbudaSalondeBellezaMerida\",\"https:\/\/www.instagram.com\/robertabudasalon\/\",\"https:\/\/www.pinterest.com.mx\/robertabuda\/\",\"https:\/\/twitter.com\/RobAbudaSalon\",\"http:\/\/www.youtube.com\/user\/RobertAbudaSalon\",\"https:\/\/www.robertabudasalon.tubmlr.com\"]}]}<\/script>\n<!-- \/ Yoast SEO Premium plugin. -->","jetpack_sharing_enabled":true,"jetpack_shortlink":"https:\/\/wp.me\/p6c51u-2rC","amp_enabled":true,"_links":{"self":[{"href":"https:\/\/robertabudasalon.com\/es\/wp-json\/wp\/v2\/posts\/9400","targetHints":{"allow":["GET"]}}],"collection":[{"href":"https:\/\/robertabudasalon.com\/es\/wp-json\/wp\/v2\/posts"}],"about":[{"href":"https:\/\/robertabudasalon.com\/es\/wp-json\/wp\/v2\/types\/post"}],"author":[{"embeddable":true,"href":"https:\/\/robertabudasalon.com\/es\/wp-json\/wp\/v2\/users\/1"}],"replies":[{"embeddable":true,"href":"https:\/\/robertabudasalon.com\/es\/wp-json\/wp\/v2\/comments?post=9400"}],"version-history":[{"count":7,"href":"https:\/\/robertabudasalon.com\/es\/wp-json\/wp\/v2\/posts\/9400\/revisions"}],"predecessor-version":[{"id":10700,"href":"https:\/\/robertabudasalon.com\/es\/wp-json\/wp\/v2\/posts\/9400\/revisions\/10700"}],"wp:featuredmedia":[{"embeddable":true,"href":"https:\/\/robertabudasalon.com\/es\/wp-json\/wp\/v2\/media\/9395"}],"wp:attachment":[{"href":"https:\/\/robertabudasalon.com\/es\/wp-json\/wp\/v2\/media?parent=9400"}],"wp:term":[{"taxonomy":"category","embeddable":true,"href":"https:\/\/robertabudasalon.com\/es\/wp-json\/wp\/v2\/categories?post=9400"},{"taxonomy":"post_tag","embeddable":true,"href":"https:\/\/robertabudasalon.com\/es\/wp-json\/wp\/v2\/tags?post=9400"},{"taxonomy":"yst_prominent_words","embeddable":true,"href":"https:\/\/robertabudasalon.com\/es\/wp-json\/wp\/v2\/yst_prominent_words?post=9400"}],"curies":[{"name":"wp","href":"https:\/\/api.w.org\/{rel}","templated":true}]}}