{"id":9354,"date":"2019-11-14T10:06:05","date_gmt":"2019-11-14T16:06:05","guid":{"rendered":"https:\/\/www.robertabudasalon.com\/?p=9354"},"modified":"2020-05-27T10:07:57","modified_gmt":"2020-05-27T15:07:57","slug":"rubia-platino-merida","status":"publish","type":"post","link":"https:\/\/robertabudasalon.com\/es\/rubia-platino-merida\/","title":{"rendered":"Rubia Platino M\u00e9rida"},"content":{"rendered":"\n<p><strong>UBICACION<\/strong> &#8211; Robert Abuda Salon de Belleza, M\u00e9rida, Yucat\u00e1n, M\u00e9xico<br><strong>RUBIA PLATINO M\u00e9rida<\/strong> &#8211; Robert Abuda, <strong>ASISTENTE<\/strong> Laura Vallejo    <strong>FOTOS<\/strong> &#8211; Marifer C\u00e1ceres<br><strong>MODELO<\/strong> &#8211; Sarah<\/p>\n\n\n\n<p>Cuando Sarah entr\u00f3 por primera vez en el Sal\u00f3n Robert Abuda, ella era esc\u00e9ptica. Originaria de Nueva York, acababa de mudarse a M\u00e9rida, M\u00e9xico en la Pen\u00ednsula de Yucat\u00e1n desde California, 5 meses antes. Durante sus primeros 6 meses en M\u00e9rida, luch\u00f3 por encontrar a alguien en quien confiaba para llevarla de vuelta a su Rubia Platino regular.<\/p>\n\n\n\n<p>Nosotros\nsiempre insisten en consultas exhaustivas y reservadas al hacer cualquier\ncambio de color dr\u00e1stico. Despu\u00e9s de 15 minutos si\u00e9ntate con Sarah,\ndiscutiendo su historia de cabello anterior, estilo de vida, y los objetivos del cabello que\nse le ocurri\u00f3 un plan.<\/p>\n\n\n\n<p>Como\nSarah mencion\u00f3, ella estaba feliz de ver que ten\u00eda una &#8220;cantidad saludable de\nescepticismo&#8221;, porque en sus palabras, &#8220;S\u00f3lo he tenido suerte con el pelo\nestilistas, que est\u00e1n un poco ansiosos antes de iniciar un proceso complicado\nAs\u00ed. Si fuera f\u00e1cil, todo el mundo lo estar\u00eda haciendo, \u00bfverdad?<\/p>\n\n\n\n<p>&#8220;Correcto&#8230;&#8221;, le contest\u00e9 con cautela. Naturalmente, iba a usar <a href=\"http:\/\/www.olaplex.com\">Olaplex<\/a> en cada paso del proceso. <a href=\"http:\/\/www.olaplex.com\">Olaplex,<\/a>el \u00fanico constructor de bonos del mundo, reenlaza tus enlaces para el cabello de disulfuro rotos, y es esencial en cualquier proceso t\u00e9cnico. No s\u00f3lo mitiga m\u00e1s da\u00f1o del cabello, sino que tambi\u00e9n deja tu cabello mucho m\u00e1s saludable, m\u00e1s brillante, con menos encrespamiento que antes de tu servicio qu\u00edmico. Cuando tu cabello es m\u00e1s saludable, el color de tu cabello no se lava ni se desvanece casi tanto.<\/p>\n\n\n\n<h4 class=\"wp-block-heading\">El Proceso de Rubia Platino<\/h4>\n\n\n\n<p>Laura y yo comenzamos aplicando el aclarador mezclado con <a href=\"http:\/\/www.olaplex.com\">Olaplex<\/a> No. 1, trabajando desde la nuca hasta la frente de la manera inversa. Mezclando 10 desarrollador de volumen con el Lightener <a href=\"http:\/\/www.pravana.com\">de Pravana,<\/a> Lo aplicamos a 2,5 cms de distancia del cuero cabelludo, hasta el final de la longitud del cabello. A medida que trabaj\u00e1bamos hasta la frente, aumentamos gradualmente el nivel de desarrollador hasta llegar a Lightener con 25 Vol.<\/p>\n\n\n\n<div class=\"wp-block-image\"><figure class=\"aligncenter size-full\"><img loading=\"lazy\" decoding=\"async\" width=\"425\" height=\"560\" src=\"https:\/\/robertabudasalon.com\/wp-content\/uploads\/2019\/11\/Estilistas-Merida-MX-Hair-Salon.jpg\" alt=\"Rubia Platino M\u00e9rida\" class=\"wp-image-9335\" srcset=\"https:\/\/robertabudasalon.com\/wp-content\/uploads\/2019\/11\/Estilistas-Merida-MX-Hair-Salon.jpg 425w, https:\/\/robertabudasalon.com\/wp-content\/uploads\/2019\/11\/Estilistas-Merida-MX-Hair-Salon.jpg 228w\" sizes=\"auto, (max-width: 425px) 100vw, 425px\" \/><figcaption>Peluquer\u00eda M\u00e9rida, Correcci\u00f3n de Color en Proceso con OLAPLEX<\/figcaption><\/figure><\/div>\n\n\n\n<p>Luego aplicamos el aclarador Pravana con mezcla <a href=\"http:\/\/www.olaplex.com\">Olaplex<\/a> de 10 vol\u00famenes a sus ra\u00edces. Dado que el cuero cabelludo produce calor, esta \u00e1rea inmediata necesita menos tiempo de procesamiento, por lo que debe hacerse cerca del final, de lo contrario se sobreprocesar\u00e1. Hacer esta peque\u00f1a \u00e1rea primero, permite que todo el cabello se procese uniformemente, lo que nos ayuda a darnos un resultado final muy uniforme. <\/p>\n\n\n\n<div class=\"wp-block-image\"><figure class=\"aligncenter\"><img loading=\"lazy\" decoding=\"async\" width=\"373\" height=\"481\" src=\"https:\/\/robertabudasalon.com\/wp-content\/uploads\/2019\/11\/Peluqeria-Merida-Paseo-de-Montejo.jpg\" alt=\"\" class=\"wp-image-9337\" srcset=\"https:\/\/robertabudasalon.com\/wp-content\/uploads\/2019\/11\/Peluqeria-Merida-Paseo-de-Montejo.jpg 373w, https:\/\/robertabudasalon.com\/wp-content\/uploads\/2019\/11\/Peluqeria-Merida-Paseo-de-Montejo.jpg 233w\" sizes=\"auto, (max-width: 373px) 100vw, 373px\" \/><figcaption>Esta es la Ronda 1 del proceso de aligeramiento, Necesit\u00e1bamos 2 rondas de aclarador para lograr nuestro objetivo.<\/figcaption><\/figure><\/div>\n\n\n\n<p>Necesit\u00e1bamos llegar a una rubia uniforme a la que aplicamos los t\u00f3neres adecuados. En este caso, usamos una mezcla de t\u00f3ner Express de 5 minutos Violeta y Beige de <a href=\"http:\/\/www.pravana.com\">Pravana<\/a> junto con el Champ\u00fa Violeta de <a href=\"http:\/\/www.balmainhaircouture.com\">Balmain Hair Couture<\/a> seguido de un <a href=\"http:\/\/www.olaplex.com\">Champ\u00fa Olaplex<\/a> No. 4, acondicionador No. 5 y crema de estilo No. 6.<\/p>\n\n\n\n<h4 class=\"wp-block-heading\">Rubia Platino M\u00e9rida<\/h4>\n\n\n\n<figure class=\"wp-block-gallery columns-2 is-cropped wp-block-gallery-1 is-layout-flex wp-block-gallery-is-layout-flex\"><ul class=\"blocks-gallery-grid\"><li class=\"blocks-gallery-item\"><figure><img loading=\"lazy\" decoding=\"async\" width=\"500\" height=\"651\" src=\"https:\/\/robertabudasalon.com\/wp-content\/uploads\/2019\/11\/Platinum-Blonde-Hair-Salon-Merida-Mexico.jpg\" alt=\"\" data-id=\"9331\" data-link=\"https:\/\/robertabudasalon.com\/?attachment_id=9331\" class=\"wp-image-9331\" srcset=\"https:\/\/robertabudasalon.com\/wp-content\/uploads\/2019\/11\/Platinum-Blonde-Hair-Salon-Merida-Mexico.jpg 500w, https:\/\/robertabudasalon.com\/wp-content\/uploads\/2019\/11\/Platinum-Blonde-Hair-Salon-Merida-Mexico.jpg 230w\" sizes=\"auto, (max-width: 500px) 100vw, 500px\" \/><figcaption class=\"blocks-gallery-item__caption\">Mejor Peluquer\u00eda M\u00e9rida, de Robert Abuda, Platino<\/figcaption><\/figure><\/li><li class=\"blocks-gallery-item\"><figure><img loading=\"lazy\" decoding=\"async\" width=\"481\" height=\"571\" src=\"https:\/\/robertabudasalon.com\/wp-content\/uploads\/2019\/11\/Merida-Hair-Salon-Robert-Abuda-Mexico-Estilista.jpg\" alt=\"\" data-id=\"9339\" data-link=\"https:\/\/robertabudasalon.com\/?attachment_id=9339\" class=\"wp-image-9339\" srcset=\"https:\/\/robertabudasalon.com\/wp-content\/uploads\/2019\/11\/Merida-Hair-Salon-Robert-Abuda-Mexico-Estilista.jpg 481w, https:\/\/robertabudasalon.com\/wp-content\/uploads\/2019\/11\/Merida-Hair-Salon-Robert-Abuda-Mexico-Estilista.jpg 253w\" sizes=\"auto, (max-width: 481px) 100vw, 481px\" \/><figcaption class=\"blocks-gallery-item__caption\">Rubia Platino M\u00e9rida, Peluquer\u00eda, por Robert Abuda<\/figcaption><\/figure><\/li><\/ul><figcaption class=\"blocks-gallery-caption\">Rubia Platino M\u00e9rida<\/figcaption><\/figure>\n\n\n\n<p>The End Goal fue una rubia platino helado con la que Sarah estaba encantada. <\/p>\n\n\n\n<figure class=\"wp-block-image\"><img decoding=\"async\" src=\"https:\/\/robertabudasalon.com\/wp-content\/uploads\/2019\/11\/Merida-Hair-Salon-de-Belleza-Yucatan.jpg\" alt=\"Rubia Platino M\u00e9rida\" class=\"wp-image-9344\"\/><figcaption>Peluquer\u00eda Merida, Rubia Platino M\u00e9rida<\/figcaption><\/figure>\n\n\n\n<p>Para cualquier correcci\u00f3n de color o cambios de color importantes, visite <a href=\"http:\/\/www.robertabudasalon.com\/\">www.robertabudasalon.com<\/a> o ll\u00e1menos al 52 999 926 3015.<\/p>\n\n\n\n<p>S\u00edguenos en Instagram &#8211; <a href=\"https:\/\/www.instagram.com\/robertabudasalon\/\">www.instagram.com\/robertabudasalon\/<\/a> <br>Facebook &#8211; <a href=\"https:\/\/www.facebook.com\/RobertAbudaSalondeBellezaMerida\/\">www.facebook.com\/RobertAbudaSalondeBellezaMerida\/<\/a> <\/p>\n","protected":false},"excerpt":{"rendered":"<p>UBICACION &#8211; Robert Abuda Salon de Belleza, M\u00e9rida, Yucat\u00e1n, M\u00e9xicoRUBIA PLATINO M\u00e9rida &#8211; Robert Abuda, ASISTENTE Laura Vallejo FOTOS &#8211; Marifer C\u00e1ceresMODELO &#8211; Sarah Cuando Sarah entr\u00f3 por primera vez en el Sal\u00f3n Robert Abuda, ella era esc\u00e9ptica. Originaria de Nueva York, acababa de mudarse a M\u00e9rida, M\u00e9xico en la Pen\u00ednsula de Yucat\u00e1n desde California, [&hellip;]<\/p>\n","protected":false},"author":1,"featured_media":9349,"comment_status":"open","ping_status":"closed","sticky":false,"template":"","format":"standard","meta":{"nf_dc_page":"","jetpack_post_was_ever_published":false,"_jetpack_newsletter_access":"","_jetpack_dont_email_post_to_subs":false,"_jetpack_newsletter_tier_id":0,"_jetpack_memberships_contains_paywalled_content":false,"_jetpack_memberships_contains_paid_content":false,"footnotes":"","jetpack_publicize_message":"","jetpack_publicize_feature_enabled":true,"jetpack_social_post_already_shared":false,"jetpack_social_options":{"image_generator_settings":{"template":"highway","default_image_id":0,"font":"","enabled":false},"version":2}},"categories":[78],"tags":[101,80,102,54,55,79,53,65,63,18,64,100],"yst_prominent_words":[2499,276,323,2498,2497,1788,669,318,328,2496,278,558,2507,2505,1784,521,2506,2504,2503,275],"class_list":["post-9354","post","type-post","status-publish","format-standard","has-post-thumbnail","hentry","category-blog-es","tag-cabello-merida-es","tag-cabello-merida","tag-estilista-merida-es","tag-estilista-merida","tag-maquillaje-merida","tag-maquillaje-merida-es","tag-olaplex-merida","tag-olaplex-merida-es","tag-peluqueria-merida","tag-salon-de-belleza-merida","tag-salon-de-belleza-merida-es","tag-salon-de-belleza-merida-es-2","entry"],"jetpack_publicize_connections":[],"jetpack_featured_media_url":"https:\/\/robertabudasalon.com\/wp-content\/uploads\/2019\/11\/Merida-Hair-Salon-de-Belleza-Yucatan-1.jpg","yoast_head":"<!-- This site is optimized with the Yoast SEO Premium plugin v14.4.1 - https:\/\/yoast.com\/wordpress\/plugins\/seo\/ -->\n<title>Rubia Platino M\u00e9rida | Robert Abuda Merida Hair Salon | Peluqueria<\/title>\n<meta name=\"description\" content=\"Rubia Platino M\u00e9rida | Robert Abuda Merida Hair Salon TEL 999 926 3015 Peluqueria y Salon de Belleza Merida. Olaplex, Balmain Productos\" \/>\n<meta name=\"robots\" content=\"index, follow\" \/>\n<meta name=\"googlebot\" content=\"index, follow, max-snippet:-1, max-image-preview:large, max-video-preview:-1\" \/>\n<meta name=\"bingbot\" content=\"index, follow, max-snippet:-1, max-image-preview:large, max-video-preview:-1\" \/>\n<link rel=\"canonical\" href=\"https:\/\/www.robertabudasalon.com\/es\/rubia-platino-merida\/\" \/>\n<meta property=\"og:locale\" content=\"es_ES\" \/>\n<meta property=\"og:type\" content=\"article\" \/>\n<meta property=\"og:title\" content=\"Rubia Platino M\u00e9rida | Robert Abuda Merida Hair Salon | Peluqueria\" \/>\n<meta property=\"og:description\" content=\"Rubia Platino M\u00e9rida | Robert Abuda Merida Hair Salon TEL 999 926 3015 Peluqueria y Salon de Belleza Merida. Olaplex, Balmain Productos\" \/>\n<meta property=\"og:url\" content=\"https:\/\/www.robertabudasalon.com\/es\/rubia-platino-merida\/\" \/>\n<meta property=\"og:site_name\" content=\"Robert Abuda Merida Hair Salon\" \/>\n<meta property=\"article:publisher\" content=\"https:\/\/www.facebook.com\/RobertAbudaSalondeBellezaMerida\" \/>\n<meta property=\"article:author\" content=\"https:\/\/www.facebook.com\/RobertAbudaSalondeBellezaMerida\" \/>\n<meta property=\"article:published_time\" content=\"2019-11-14T16:06:05+00:00\" \/>\n<meta property=\"article:modified_time\" content=\"2020-05-27T15:07:57+00:00\" \/>\n<meta property=\"og:image\" content=\"https:\/\/robertabudasalon.com\/wp-content\/uploads\/2019\/11\/Merida-Hair-Salon-de-Belleza-Yucatan-1.jpg\" \/>\n\t<meta property=\"og:image:width\" content=\"550\" \/>\n\t<meta property=\"og:image:height\" content=\"414\" \/>\n<meta property=\"fb:app_id\" content=\"https:\/\/www.facebook.com\/RobertAbudaSalondeBellezaMerida\" \/>\n<meta name=\"twitter:card\" content=\"summary\" \/>\n<meta name=\"twitter:creator\" content=\"@RobAbudaSalon\" \/>\n<meta name=\"twitter:site\" content=\"@RobAbudaSalon\" \/>\n<script type=\"application\/ld+json\" class=\"yoast-schema-graph\">{\"@context\":\"https:\/\/schema.org\",\"@graph\":[{\"@type\":\"WebSite\",\"@id\":\"https:\/\/robertabudasalon.com\/es\/#website\",\"url\":\"https:\/\/robertabudasalon.com\/es\/\",\"name\":\"Robert Abuda Merida Hair Salon\",\"description\":\"Hair Salon Merida, Salon de Belleza Merida +52 999 926 3015, #470C Paseo de Montejo, Peluqueria y SPA.\",\"potentialAction\":[{\"@type\":\"SearchAction\",\"target\":\"https:\/\/robertabudasalon.com\/es\/?s={search_term_string}\",\"query-input\":\"required name=search_term_string\"}],\"inLanguage\":\"es-ES\"},{\"@type\":\"ImageObject\",\"@id\":\"https:\/\/www.robertabudasalon.com\/es\/rubia-platino-merida\/#primaryimage\",\"inLanguage\":\"es-ES\",\"url\":\"https:\/\/robertabudasalon.com\/wp-content\/uploads\/2019\/11\/Merida-Hair-Salon-de-Belleza-Yucatan-1.jpg\",\"width\":550,\"height\":414,\"caption\":\"Hair Salon Merida\"},{\"@type\":\"WebPage\",\"@id\":\"https:\/\/www.robertabudasalon.com\/es\/rubia-platino-merida\/#webpage\",\"url\":\"https:\/\/www.robertabudasalon.com\/es\/rubia-platino-merida\/\",\"name\":\"Rubia Platino M\\u00e9rida | Robert Abuda Merida Hair Salon | Peluqueria\",\"isPartOf\":{\"@id\":\"https:\/\/robertabudasalon.com\/es\/#website\"},\"primaryImageOfPage\":{\"@id\":\"https:\/\/www.robertabudasalon.com\/es\/rubia-platino-merida\/#primaryimage\"},\"datePublished\":\"2019-11-14T16:06:05+00:00\",\"dateModified\":\"2020-05-27T15:07:57+00:00\",\"author\":{\"@id\":\"https:\/\/robertabudasalon.com\/es\/#\/schema\/person\/7ee1cd9230d91de93174e9280fabe461\"},\"description\":\"Rubia Platino M\\u00e9rida | Robert Abuda Merida Hair Salon TEL 999 926 3015 Peluqueria y Salon de Belleza Merida. Olaplex, Balmain Productos\",\"inLanguage\":\"es-ES\",\"potentialAction\":[{\"@type\":\"ReadAction\",\"target\":[\"https:\/\/www.robertabudasalon.com\/es\/rubia-platino-merida\/\"]}]},{\"@type\":[\"Person\"],\"@id\":\"https:\/\/robertabudasalon.com\/es\/#\/schema\/person\/7ee1cd9230d91de93174e9280fabe461\",\"name\":\"Robertabuda\",\"image\":{\"@type\":\"ImageObject\",\"@id\":\"https:\/\/robertabudasalon.com\/es\/#personlogo\",\"inLanguage\":\"es-ES\",\"url\":\"https:\/\/secure.gravatar.com\/avatar\/6f05adb82963af87e32283b51ed344d225629d769331e4fda39ff8bdf85fac82?s=96&d=mm&r=g\",\"caption\":\"Robertabuda\"},\"description\":\"Hair Salon Merida Owner | Robert Abuda Salon de Belleza Merida\",\"sameAs\":[\"https:\/\/www.facebook.com\/RobertAbudaSalondeBellezaMerida\",\"https:\/\/www.instagram.com\/robertabudasalon\/\",\"https:\/\/www.pinterest.com.mx\/robertabuda\/\",\"https:\/\/twitter.com\/RobAbudaSalon\",\"http:\/\/www.youtube.com\/user\/RobertAbudaSalon\",\"https:\/\/www.robertabudasalon.tubmlr.com\"]}]}<\/script>\n<!-- \/ Yoast SEO Premium plugin. -->","jetpack_sharing_enabled":true,"jetpack_shortlink":"https:\/\/wp.me\/p6c51u-2qS","amp_enabled":true,"_links":{"self":[{"href":"https:\/\/robertabudasalon.com\/es\/wp-json\/wp\/v2\/posts\/9354","targetHints":{"allow":["GET"]}}],"collection":[{"href":"https:\/\/robertabudasalon.com\/es\/wp-json\/wp\/v2\/posts"}],"about":[{"href":"https:\/\/robertabudasalon.com\/es\/wp-json\/wp\/v2\/types\/post"}],"author":[{"embeddable":true,"href":"https:\/\/robertabudasalon.com\/es\/wp-json\/wp\/v2\/users\/1"}],"replies":[{"embeddable":true,"href":"https:\/\/robertabudasalon.com\/es\/wp-json\/wp\/v2\/comments?post=9354"}],"version-history":[{"count":15,"href":"https:\/\/robertabudasalon.com\/es\/wp-json\/wp\/v2\/posts\/9354\/revisions"}],"predecessor-version":[{"id":10810,"href":"https:\/\/robertabudasalon.com\/es\/wp-json\/wp\/v2\/posts\/9354\/revisions\/10810"}],"wp:featuredmedia":[{"embeddable":true,"href":"https:\/\/robertabudasalon.com\/es\/wp-json\/wp\/v2\/media\/9349"}],"wp:attachment":[{"href":"https:\/\/robertabudasalon.com\/es\/wp-json\/wp\/v2\/media?parent=9354"}],"wp:term":[{"taxonomy":"category","embeddable":true,"href":"https:\/\/robertabudasalon.com\/es\/wp-json\/wp\/v2\/categories?post=9354"},{"taxonomy":"post_tag","embeddable":true,"href":"https:\/\/robertabudasalon.com\/es\/wp-json\/wp\/v2\/tags?post=9354"},{"taxonomy":"yst_prominent_words","embeddable":true,"href":"https:\/\/robertabudasalon.com\/es\/wp-json\/wp\/v2\/yst_prominent_words?post=9354"}],"curies":[{"name":"wp","href":"https:\/\/api.w.org\/{rel}","templated":true}]}}